{"id":269,"date":"2024-12-08T18:43:06","date_gmt":"2024-12-08T17:43:06","guid":{"rendered":"https:\/\/nwww.generalcom.hu\/?p=269"},"modified":"2024-12-19T19:04:08","modified_gmt":"2024-12-19T18:04:08","slug":"budapest-sziget-festival","status":"publish","type":"post","link":"https:\/\/www.generalcom.hu\/en\/budapest-sziget-fesztival\/","title":{"rendered":"Budapest, Sziget Festival"},"content":{"rendered":"<p>There is no higher user density anywhere else. We have been installing this local Telenor network since 2010 so we can clearly see the dynamic growth in demand. Currently, 7 base stations can cover the whole area for the period of events with approx. 40 antennas and 90 RRUs. All of them have to be set up within 1 week before the event and there is only 36 hours to dismantle them afterwards. If you want to know more about it please watch the Mobilarena video here: <a href=\"https:\/\/www.youtube.com\/watch?v=8qOtBB0NnQM\" target=\"_blank\" rel=\"noreferrer noopener\">https:\/\/www.youtube.com\/watch?v=8qOtBB0NnQM<\/a><\/p>","protected":false},"excerpt":{"rendered":"<p>Enn\u00e9l nagyobb el\u0151fizet\u0151i s\u0171r\u0171s\u00e9g nincs m\u00e1shol. Mivel 2010 \u00f3ta mi telep\u00edtj\u00fck a Telenor rendszer\u00e9t, pontosan l\u00e1tjuk a dinamikus ig\u00e9nyn\u00f6veked\u00e9st is. Jelenleg 7 db b\u00e1zis\u00e1llom\u00e1s l\u00e1tja el a ter\u00fcletet arra a 10 napra, kb. 40 antenna \u00e9s 90 db RRU seg\u00edts\u00e9g\u00e9vel. Mindezeket 1 h\u00e9t alatt kell fel\u00e9p\u00edteni az esem\u00e9ny el\u0151tt \u00e9s csak 36 \u00f3r\u00e1nk marad elbontani [&hellip;]<\/p>\n","protected":false},"author":1,"featured_media":1171,"comment_status":"closed","ping_status":"open","sticky":false,"template":"","format":"standard","meta":{"inline_featured_image":false,"footnotes":""},"categories":[9],"tags":[],"class_list":["post-269","post","type-post","status-publish","format-standard","has-post-thumbnail","hentry","category-projektek"],"yoast_head":"<!-- This site is optimized with the Yoast SEO Premium plugin v27.4 (Yoast SEO v27.4) - https:\/\/yoast.com\/product\/yoast-seo-premium-wordpress\/ -->\n<title>Budapest, Sziget Fesztiv\u00e1l - GeneralCom<\/title>\n<meta name=\"robots\" content=\"index, follow, max-snippet:-1, max-image-preview:large, max-video-preview:-1\" \/>\n<link rel=\"canonical\" href=\"https:\/\/www.generalcom.hu\/en\/budapest-sziget-festival\/\" \/>\n<meta property=\"og:locale\" content=\"en_GB\" \/>\n<meta property=\"og:type\" content=\"article\" \/>\n<meta property=\"og:title\" content=\"Budapest, Sziget Fesztiv\u00e1l\" \/>\n<meta property=\"og:description\" content=\"Enn\u00e9l nagyobb el\u0151fizet\u0151i s\u0171r\u0171s\u00e9g nincs m\u00e1shol. Mivel 2010 \u00f3ta mi telep\u00edtj\u00fck a Telenor rendszer\u00e9t, pontosan l\u00e1tjuk a dinamikus ig\u00e9nyn\u00f6veked\u00e9st is. Jelenleg 7 db b\u00e1zis\u00e1llom\u00e1s l\u00e1tja el a ter\u00fcletet arra a 10 napra, kb. 40 antenna \u00e9s 90 db RRU seg\u00edts\u00e9g\u00e9vel. Mindezeket 1 h\u00e9t alatt kell fel\u00e9p\u00edteni az esem\u00e9ny el\u0151tt \u00e9s csak 36 \u00f3r\u00e1nk marad elbontani [&hellip;]\" \/>\n<meta property=\"og:url\" content=\"https:\/\/www.generalcom.hu\/en\/budapest-sziget-festival\/\" \/>\n<meta property=\"og:site_name\" content=\"GeneralCom\" \/>\n<meta property=\"article:publisher\" content=\"https:\/\/www.facebook.com\/generalcomkft\/\" \/>\n<meta property=\"article:published_time\" content=\"2024-12-08T17:43:06+00:00\" \/>\n<meta property=\"article:modified_time\" content=\"2024-12-19T18:04:08+00:00\" \/>\n<meta property=\"og:image\" content=\"https:\/\/www.generalcom.hu\/wp-content\/uploads\/project_sziget.webp\" \/>\n\t<meta property=\"og:image:width\" content=\"1095\" \/>\n\t<meta property=\"og:image:height\" content=\"1460\" \/>\n\t<meta property=\"og:image:type\" content=\"image\/webp\" \/>\n<meta name=\"author\" content=\"Csak egy Felhasznalo\" \/>\n<meta name=\"twitter:card\" content=\"summary_large_image\" \/>\n<meta name=\"twitter:label1\" content=\"Written by\" \/>\n\t<meta name=\"twitter:data1\" content=\"Csak egy Felhasznalo\" \/>\n\t<meta name=\"twitter:label2\" content=\"Estimated reading time\" \/>\n\t<meta name=\"twitter:data2\" content=\"1 minute\" \/>\n<script type=\"application\/ld+json\" class=\"yoast-schema-graph\">{\"@context\":\"https:\\\/\\\/schema.org\",\"@graph\":[{\"@type\":\"Article\",\"@id\":\"https:\\\/\\\/www.generalcom.hu\\\/budapest-sziget-fesztival\\\/#article\",\"isPartOf\":{\"@id\":\"https:\\\/\\\/www.generalcom.hu\\\/budapest-sziget-fesztival\\\/\"},\"author\":{\"name\":\"Csak egy Felhasznalo\",\"@id\":\"https:\\\/\\\/www.generalcom.hu\\\/#\\\/schema\\\/person\\\/7866d4953bd8b3bd4c42f9b6261ad2e7\"},\"headline\":\"Budapest, Sziget Fesztiv\u00e1l\",\"datePublished\":\"2024-12-08T17:43:06+00:00\",\"dateModified\":\"2024-12-19T18:04:08+00:00\",\"mainEntityOfPage\":{\"@id\":\"https:\\\/\\\/www.generalcom.hu\\\/budapest-sziget-fesztival\\\/\"},\"wordCount\":107,\"publisher\":{\"@id\":\"https:\\\/\\\/www.generalcom.hu\\\/#organization\"},\"image\":{\"@id\":\"https:\\\/\\\/www.generalcom.hu\\\/budapest-sziget-fesztival\\\/#primaryimage\"},\"thumbnailUrl\":\"https:\\\/\\\/www.generalcom.hu\\\/wp-content\\\/uploads\\\/project_sziget.webp\",\"articleSection\":[\"Projektek\"],\"inLanguage\":\"en-GB\"},{\"@type\":\"WebPage\",\"@id\":\"https:\\\/\\\/www.generalcom.hu\\\/budapest-sziget-fesztival\\\/\",\"url\":\"https:\\\/\\\/www.generalcom.hu\\\/budapest-sziget-fesztival\\\/\",\"name\":\"Budapest, Sziget Fesztiv\u00e1l - GeneralCom\",\"isPartOf\":{\"@id\":\"https:\\\/\\\/www.generalcom.hu\\\/#website\"},\"primaryImageOfPage\":{\"@id\":\"https:\\\/\\\/www.generalcom.hu\\\/budapest-sziget-fesztival\\\/#primaryimage\"},\"image\":{\"@id\":\"https:\\\/\\\/www.generalcom.hu\\\/budapest-sziget-fesztival\\\/#primaryimage\"},\"thumbnailUrl\":\"https:\\\/\\\/www.generalcom.hu\\\/wp-content\\\/uploads\\\/project_sziget.webp\",\"datePublished\":\"2024-12-08T17:43:06+00:00\",\"dateModified\":\"2024-12-19T18:04:08+00:00\",\"breadcrumb\":{\"@id\":\"https:\\\/\\\/www.generalcom.hu\\\/budapest-sziget-fesztival\\\/#breadcrumb\"},\"inLanguage\":\"en-GB\",\"potentialAction\":[{\"@type\":\"ReadAction\",\"target\":[\"https:\\\/\\\/www.generalcom.hu\\\/budapest-sziget-fesztival\\\/\"]}]},{\"@type\":\"ImageObject\",\"inLanguage\":\"en-GB\",\"@id\":\"https:\\\/\\\/www.generalcom.hu\\\/budapest-sziget-fesztival\\\/#primaryimage\",\"url\":\"https:\\\/\\\/www.generalcom.hu\\\/wp-content\\\/uploads\\\/project_sziget.webp\",\"contentUrl\":\"https:\\\/\\\/www.generalcom.hu\\\/wp-content\\\/uploads\\\/project_sziget.webp\",\"width\":1095,\"height\":1460},{\"@type\":\"BreadcrumbList\",\"@id\":\"https:\\\/\\\/www.generalcom.hu\\\/budapest-sziget-fesztival\\\/#breadcrumb\",\"itemListElement\":[{\"@type\":\"ListItem\",\"position\":1,\"name\":\"Home\",\"item\":\"https:\\\/\\\/www.generalcom.hu\\\/\"},{\"@type\":\"ListItem\",\"position\":2,\"name\":\"Budapest, Sziget Fesztiv\u00e1l\"}]},{\"@type\":\"WebSite\",\"@id\":\"https:\\\/\\\/www.generalcom.hu\\\/#website\",\"url\":\"https:\\\/\\\/www.generalcom.hu\\\/\",\"name\":\"GeneralCom\",\"description\":\"Megb\u00edzhat\u00f3 \u00e9s hat\u00e9kony t\u00e1vk\u00f6zl\u00e9si h\u00e1l\u00f3zatokat \u00e9p\u00edt\u00fcnk 25+ \u00e9ve\",\"publisher\":{\"@id\":\"https:\\\/\\\/www.generalcom.hu\\\/#organization\"},\"potentialAction\":[{\"@type\":\"SearchAction\",\"target\":{\"@type\":\"EntryPoint\",\"urlTemplate\":\"https:\\\/\\\/www.generalcom.hu\\\/?s={search_term_string}\"},\"query-input\":{\"@type\":\"PropertyValueSpecification\",\"valueRequired\":true,\"valueName\":\"search_term_string\"}}],\"inLanguage\":\"en-GB\"},{\"@type\":\"Organization\",\"@id\":\"https:\\\/\\\/www.generalcom.hu\\\/#organization\",\"name\":\"GeneralCom\",\"url\":\"https:\\\/\\\/www.generalcom.hu\\\/\",\"logo\":{\"@type\":\"ImageObject\",\"inLanguage\":\"en-GB\",\"@id\":\"https:\\\/\\\/www.generalcom.hu\\\/#\\\/schema\\\/logo\\\/image\\\/\",\"url\":\"https:\\\/\\\/www.generalcom.hu\\\/wp-content\\\/uploads\\\/logo.svg\",\"contentUrl\":\"https:\\\/\\\/www.generalcom.hu\\\/wp-content\\\/uploads\\\/logo.svg\",\"width\":287,\"height\":45,\"caption\":\"GeneralCom\"},\"image\":{\"@id\":\"https:\\\/\\\/www.generalcom.hu\\\/#\\\/schema\\\/logo\\\/image\\\/\"},\"sameAs\":[\"https:\\\/\\\/www.facebook.com\\\/generalcomkft\\\/\",\"https:\\\/\\\/www.instagram.com\\\/generalcom.ig\"],\"description\":\"Kulcsrak\u00e9sz \u00e9s testreszabott megold\u00e1sokat sz\u00e1ll\u00edtunk komplex h\u00e1l\u00f3zati kih\u00edv\u00e1sokra t\u00f6bb mint 25 \u00e9ve.\",\"email\":\"generalcom@generalcom.hu\",\"telephone\":\"+3623444634\",\"legalName\":\"GeneralCom M\u00e9rn\u00f6ki Kft.\",\"foundingDate\":\"1996-01-01\",\"numberOfEmployees\":{\"@type\":\"QuantitativeValue\",\"minValue\":\"11\",\"maxValue\":\"50\"},\"ownershipFundingInfo\":\"https:\\\/\\\/www.generalcom.hu\\\/impresszum\\\/\"},{\"@type\":\"Person\",\"@id\":\"https:\\\/\\\/www.generalcom.hu\\\/#\\\/schema\\\/person\\\/7866d4953bd8b3bd4c42f9b6261ad2e7\",\"name\":\"Csak egy Felhasznalo\",\"sameAs\":[\"https:\\\/\\\/nwww.generalcom.hu\"],\"url\":\"https:\\\/\\\/www.generalcom.hu\\\/en\\\/author\\\/generalcom\\\/\"}]}<\/script>\n<!-- \/ Yoast SEO Premium plugin. -->","yoast_head_json":{"title":"Budapest, Sziget Festival - GeneralCom","robots":{"index":"index","follow":"follow","max-snippet":"max-snippet:-1","max-image-preview":"max-image-preview:large","max-video-preview":"max-video-preview:-1"},"canonical":"https:\/\/www.generalcom.hu\/en\/budapest-sziget-festival\/","og_locale":"en_GB","og_type":"article","og_title":"Budapest, Sziget Fesztiv\u00e1l","og_description":"Enn\u00e9l nagyobb el\u0151fizet\u0151i s\u0171r\u0171s\u00e9g nincs m\u00e1shol. Mivel 2010 \u00f3ta mi telep\u00edtj\u00fck a Telenor rendszer\u00e9t, pontosan l\u00e1tjuk a dinamikus ig\u00e9nyn\u00f6veked\u00e9st is. Jelenleg 7 db b\u00e1zis\u00e1llom\u00e1s l\u00e1tja el a ter\u00fcletet arra a 10 napra, kb. 40 antenna \u00e9s 90 db RRU seg\u00edts\u00e9g\u00e9vel. Mindezeket 1 h\u00e9t alatt kell fel\u00e9p\u00edteni az esem\u00e9ny el\u0151tt \u00e9s csak 36 \u00f3r\u00e1nk marad elbontani [&hellip;]","og_url":"https:\/\/www.generalcom.hu\/en\/budapest-sziget-festival\/","og_site_name":"GeneralCom","article_publisher":"https:\/\/www.facebook.com\/generalcomkft\/","article_published_time":"2024-12-08T17:43:06+00:00","article_modified_time":"2024-12-19T18:04:08+00:00","og_image":[{"width":1095,"height":1460,"url":"https:\/\/www.generalcom.hu\/wp-content\/uploads\/project_sziget.webp","type":"image\/webp"}],"author":"Csak egy Felhasznalo","twitter_card":"summary_large_image","twitter_misc":{"Written by":"Csak egy Felhasznalo","Estimated reading time":"1 minute"},"schema":{"@context":"https:\/\/schema.org","@graph":[{"@type":"Article","@id":"https:\/\/www.generalcom.hu\/budapest-sziget-fesztival\/#article","isPartOf":{"@id":"https:\/\/www.generalcom.hu\/budapest-sziget-fesztival\/"},"author":{"name":"Csak egy Felhasznalo","@id":"https:\/\/www.generalcom.hu\/#\/schema\/person\/7866d4953bd8b3bd4c42f9b6261ad2e7"},"headline":"Budapest, Sziget Fesztiv\u00e1l","datePublished":"2024-12-08T17:43:06+00:00","dateModified":"2024-12-19T18:04:08+00:00","mainEntityOfPage":{"@id":"https:\/\/www.generalcom.hu\/budapest-sziget-fesztival\/"},"wordCount":107,"publisher":{"@id":"https:\/\/www.generalcom.hu\/#organization"},"image":{"@id":"https:\/\/www.generalcom.hu\/budapest-sziget-fesztival\/#primaryimage"},"thumbnailUrl":"https:\/\/www.generalcom.hu\/wp-content\/uploads\/project_sziget.webp","articleSection":["Projektek"],"inLanguage":"en-GB"},{"@type":"WebPage","@id":"https:\/\/www.generalcom.hu\/budapest-sziget-fesztival\/","url":"https:\/\/www.generalcom.hu\/budapest-sziget-fesztival\/","name":"Budapest, Sziget Festival - GeneralCom","isPartOf":{"@id":"https:\/\/www.generalcom.hu\/#website"},"primaryImageOfPage":{"@id":"https:\/\/www.generalcom.hu\/budapest-sziget-fesztival\/#primaryimage"},"image":{"@id":"https:\/\/www.generalcom.hu\/budapest-sziget-fesztival\/#primaryimage"},"thumbnailUrl":"https:\/\/www.generalcom.hu\/wp-content\/uploads\/project_sziget.webp","datePublished":"2024-12-08T17:43:06+00:00","dateModified":"2024-12-19T18:04:08+00:00","breadcrumb":{"@id":"https:\/\/www.generalcom.hu\/budapest-sziget-fesztival\/#breadcrumb"},"inLanguage":"en-GB","potentialAction":[{"@type":"ReadAction","target":["https:\/\/www.generalcom.hu\/budapest-sziget-fesztival\/"]}]},{"@type":"ImageObject","inLanguage":"en-GB","@id":"https:\/\/www.generalcom.hu\/budapest-sziget-fesztival\/#primaryimage","url":"https:\/\/www.generalcom.hu\/wp-content\/uploads\/project_sziget.webp","contentUrl":"https:\/\/www.generalcom.hu\/wp-content\/uploads\/project_sziget.webp","width":1095,"height":1460},{"@type":"BreadcrumbList","@id":"https:\/\/www.generalcom.hu\/budapest-sziget-fesztival\/#breadcrumb","itemListElement":[{"@type":"ListItem","position":1,"name":"Home","item":"https:\/\/www.generalcom.hu\/"},{"@type":"ListItem","position":2,"name":"Budapest, Sziget Fesztiv\u00e1l"}]},{"@type":"WebSite","@id":"https:\/\/www.generalcom.hu\/#website","url":"https:\/\/www.generalcom.hu\/","name":"GeneralCom","description":"Megb\u00edzhat\u00f3 \u00e9s hat\u00e9kony t\u00e1vk\u00f6zl\u00e9si h\u00e1l\u00f3zatokat \u00e9p\u00edt\u00fcnk 25+ \u00e9ve","publisher":{"@id":"https:\/\/www.generalcom.hu\/#organization"},"potentialAction":[{"@type":"SearchAction","target":{"@type":"EntryPoint","urlTemplate":"https:\/\/www.generalcom.hu\/?s={search_term_string}"},"query-input":{"@type":"PropertyValueSpecification","valueRequired":true,"valueName":"search_term_string"}}],"inLanguage":"en-GB"},{"@type":"Organization","@id":"https:\/\/www.generalcom.hu\/#organization","name":"GeneralCom","url":"https:\/\/www.generalcom.hu\/","logo":{"@type":"ImageObject","inLanguage":"en-GB","@id":"https:\/\/www.generalcom.hu\/#\/schema\/logo\/image\/","url":"https:\/\/www.generalcom.hu\/wp-content\/uploads\/logo.svg","contentUrl":"https:\/\/www.generalcom.hu\/wp-content\/uploads\/logo.svg","width":287,"height":45,"caption":"GeneralCom"},"image":{"@id":"https:\/\/www.generalcom.hu\/#\/schema\/logo\/image\/"},"sameAs":["https:\/\/www.facebook.com\/generalcomkft\/","https:\/\/www.instagram.com\/generalcom.ig"],"description":"Providing turnkey and customised solutions for complex network challenges for more than 25 years.","email":"generalcom@generalcom.hu","telephone":"+3623444634","legalName":"GeneralCom M\u00e9rn\u00f6ki Kft.","foundingDate":"1996-01-01","numberOfEmployees":{"@type":"QuantitativeValue","minValue":"11","maxValue":"50"},"ownershipFundingInfo":"https:\/\/www.generalcom.hu\/impresszum\/"},{"@type":"Person","@id":"https:\/\/www.generalcom.hu\/#\/schema\/person\/7866d4953bd8b3bd4c42f9b6261ad2e7","name":"Csak egy Felhasznalo","sameAs":["https:\/\/nwww.generalcom.hu"],"url":"https:\/\/www.generalcom.hu\/en\/author\/generalcom\/"}]}},"_links":{"self":[{"href":"https:\/\/www.generalcom.hu\/en\/wp-json\/wp\/v2\/posts\/269","targetHints":{"allow":["GET"]}}],"collection":[{"href":"https:\/\/www.generalcom.hu\/en\/wp-json\/wp\/v2\/posts"}],"about":[{"href":"https:\/\/www.generalcom.hu\/en\/wp-json\/wp\/v2\/types\/post"}],"author":[{"embeddable":true,"href":"https:\/\/www.generalcom.hu\/en\/wp-json\/wp\/v2\/users\/1"}],"replies":[{"embeddable":true,"href":"https:\/\/www.generalcom.hu\/en\/wp-json\/wp\/v2\/comments?post=269"}],"version-history":[{"count":3,"href":"https:\/\/www.generalcom.hu\/en\/wp-json\/wp\/v2\/posts\/269\/revisions"}],"predecessor-version":[{"id":1361,"href":"https:\/\/www.generalcom.hu\/en\/wp-json\/wp\/v2\/posts\/269\/revisions\/1361"}],"wp:featuredmedia":[{"embeddable":true,"href":"https:\/\/www.generalcom.hu\/en\/wp-json\/wp\/v2\/media\/1171"}],"wp:attachment":[{"href":"https:\/\/www.generalcom.hu\/en\/wp-json\/wp\/v2\/media?parent=269"}],"wp:term":[{"taxonomy":"category","embeddable":true,"href":"https:\/\/www.generalcom.hu\/en\/wp-json\/wp\/v2\/categories?post=269"},{"taxonomy":"post_tag","embeddable":true,"href":"https:\/\/www.generalcom.hu\/en\/wp-json\/wp\/v2\/tags?post=269"}],"curies":[{"name":"wp","href":"https:\/\/api.w.org\/{rel}","templated":true}]}}